{"id":1458,"date":"2016-10-05T11:24:49","date_gmt":"2016-10-05T09:24:49","guid":{"rendered":"http:\/\/deltadouane.com\/2016\/10\/05\/delta-douane-dans-classe-export-magazine-n236\/"},"modified":"2025-04-04T17:33:33","modified_gmt":"2025-04-04T15:33:33","slug":"delta-douane-dans-classe-export-magazine-n236","status":"publish","type":"post","link":"https:\/\/deltadouane.com\/en\/2016\/10\/05\/delta-douane-dans-classe-export-magazine-n236\/","title":{"rendered":"Delta Douane dans Classe Export Magazine n\u00b0236"},"content":{"rendered":"<blockquote><p>Delta Douane dans\u00a0<strong>Classe Export Magazine ao\u00fbt-septembre 2016 N\u00b0236<\/strong> : &#8220;Num\u00e9rique : la French Tech \u00e0 l\u2019offensive !&#8221;<\/p><\/blockquote>\n<div id=\"attachment_1211\" style=\"width: 1040px\" class=\"wp-caption alignnone\"><a href=\"http:\/\/deltadouane.com\/wp-content\/uploads\/2016\/10\/Classe-Export-no-236-Article-Delta-Douane-septembre-2016.jpg\"><img loading=\"lazy\" decoding=\"async\" aria-describedby=\"caption-attachment-1211\" class=\"size-large wp-image-1211\" src=\"http:\/\/deltadouane.com\/wp-content\/uploads\/2016\/10\/Classe-Export-no-236-Article-Delta-Douane-septembre-2016-1030x369.jpg\" alt=\"Delta Douane est dans &quot;Classe Export Magazine n\u00b0236&quot;\" width=\"1030\" height=\"369\" srcset=\"https:\/\/deltadouane.com\/wp-content\/uploads\/2016\/10\/Classe-Export-no-236-Article-Delta-Douane-septembre-2016-1030x369.jpg 1030w, https:\/\/deltadouane.com\/wp-content\/uploads\/2016\/10\/Classe-Export-no-236-Article-Delta-Douane-septembre-2016-300x107.jpg 300w, https:\/\/deltadouane.com\/wp-content\/uploads\/2016\/10\/Classe-Export-no-236-Article-Delta-Douane-septembre-2016-768x275.jpg 768w, https:\/\/deltadouane.com\/wp-content\/uploads\/2016\/10\/Classe-Export-no-236-Article-Delta-Douane-septembre-2016-705x252.jpg 705w, https:\/\/deltadouane.com\/wp-content\/uploads\/2016\/10\/Classe-Export-no-236-Article-Delta-Douane-septembre-2016-450x161.jpg 450w, https:\/\/deltadouane.com\/wp-content\/uploads\/2016\/10\/Classe-Export-no-236-Article-Delta-Douane-septembre-2016.jpg 1385w\" sizes=\"(max-width: 1030px) 100vw, 1030px\" \/><\/a><p id=\"caption-attachment-1211\" class=\"wp-caption-text\">Delta Douane est dans &#8220;Classe Export Magazine n\u00b0236&#8221;<\/p><\/div>\n<div  class='avia-button-wrap av-2bihyi-12d5c25d4424b7f24a55bc7a3546b7dc-wrap avia-button-left  avia-builder-el-0  avia-builder-el-no-sibling '><a href='http:\/\/www.classe-export.com\/index.php\/actus\/actudujour\/17063-classe-export-magazine-aout-septembre-2016-n236\/' class='avia-button av-2bihyi-12d5c25d4424b7f24a55bc7a3546b7dc av-link-btn avia-icon_select-yes-left-icon avia-size-x-large avia-position-left avia-color-blue' target=\"_blank\" rel=\"noopener noreferrer\" aria-label=\"En savoir plus\"><span class='avia_button_icon avia_button_icon_left' aria-hidden='true' data-av_icon='\ue84e' data-av_iconfont='entypo-fontello'><\/span><span class='avia_iconbox_title' >En savoir plus<\/span><\/a><\/div>\n<h3>Au sommaire de ce num\u00e9ro de Classe Export Magazine :<\/h3>\n<p><strong>En amont des Rencontres Africa2016<\/strong> qui d\u00e9butent ce jeudi\u00a0jusqu\u2019\u00e0 vendredi soir\u00a0\u00e0 Paris (Palais d\u2019Iena), le magazine Classe Export a donn\u00e9 la parole \u00e0 de grands acteurs \u00e9conomiques actifs sur le continent africain. Dans ce dossier intitul\u00e9 \u201c10 id\u00e9es nouvelles pour l\u2019Afrique\u201c, retrouvez les t\u00e9moignages de\u00a0Ludovic Subran, \u00e9conomiste en chef d\u2019Euler Hermes, Muriel P\u00e9nicaud, directrice g\u00e9n\u00e9rale de BusinessFrance, Alexandre Maymat, directeur Afrique de la Soci\u00e9t\u00e9 G\u00e9n\u00e9rale, Nicolas Dufourcq, directeur g\u00e9n\u00e9ral de Bpifrance, Pierre-Andr\u00e9 T\u00e9risse, directeur g\u00e9n\u00e9ral Afrique de Danone, Jean-Michel Debrat, directeur g\u00e9n\u00e9ral d\u2019AFrica France, Gr\u00e9gory Clemente, directeur g\u00e9n\u00e9ral de Proparco, C\u00e9cile Desrez, directrice des ressources humaines de CFAO, Abderrahmane Benhamadi, pr\u00e9sident du groupe alg\u00e9rien Condor.<\/p>\n<p><strong>Le num\u00e9rique, urgence de nos prochaines r\u00e9ussites.\u00a0<\/strong>Dans le vent disruptif des nouvelles technologies, comment aller plus vite, plus fort \u00e0 la conqu\u00eate des march\u00e9s. Disruptif, le mot est partout, nous rappelant qu\u2019il faut d\u2019urgence s\u2019habituer au changement, \u00e0 la tendance irr\u00e9sistible \u00e0 l\u2019innovation, tant au niveau des produits que des process, \u00eatre agile pour ne pas se perdre dans le foisonnement d\u2019innovations, d\u2019informations et d\u2019acteurs arrivant sans cesse sur le march\u00e9.<\/p>\n<p><strong>Cor\u00e9e du Sud \/ Union europ\u00e9enne\u00a0: \u00e0 qui profite l\u2019ALE\u00a0?\u00a0<\/strong>Le 1<sup>er<\/sup> juillet 2016 a marqu\u00e9 les cinq ans de la mise en place de l\u2019accord de libre-\u00e9change (ALE) conclu entre l\u2019Union europ\u00e9enne et la Cor\u00e9e du Sud. A qui profite-il\u00a0? A en croire un r\u00e9cent rapport de la Commission europ\u00e9enne, cet accord fonctionne plut\u00f4t bien. Et dans les deux sens.<\/p>\n<p><strong>Sri Lanka, futur hub a\u00e9roportuaire touristique et culturel de la r\u00e9gion.\u00a0<\/strong>Le Sri Lanka peut se targuer d\u2019un niveau de vie relativement sup\u00e9rieur \u00e0 celui de ses voisins d\u2019Asie du Sud. Finis les ravages caus\u00e9s par la guerre civile qui a dur\u00e9 pr\u00e8s de 30 ans, d\u00e9sormais le pays affiche une croissance soutenue\u2026<\/p>\n<p><strong>Transport \/ Logistique\u00a0: \u00e0 quand la fin de la chute des prix\u00a0?\u00a0<\/strong>Le Commissariat g\u00e9n\u00e9ral au d\u00e9veloppement durable a analys\u00e9 cet \u00e9t\u00e9 les prix du transport de fret et d\u2019entreposage. L\u2019orientation est \u00e0 la baisse pour quasiment tous les modes de transport\u2026<\/p>\n<p>&nbsp;<\/p>\n","protected":false},"excerpt":{"rendered":"<p>Delta Douane dans\u00a0Classe Export Magazine ao\u00fbt-septembre 2016 N\u00b0236 : &#8220;Num\u00e9rique : la French Tech \u00e0 l\u2019offensive !&#8221; Au sommaire de ce num\u00e9ro de Classe Export Magazine : En amont des Rencontres Africa2016 qui d\u00e9butent ce jeudi\u00a0jusqu\u2019\u00e0 vendredi soir\u00a0\u00e0 Paris (Palais d\u2019Iena), le magazine Classe Export a donn\u00e9 la parole \u00e0 de grands acteurs \u00e9conomiques actifs [&hellip;]<\/p>\n","protected":false},"author":1,"featured_media":1563,"comment_status":"closed","ping_status":"open","sticky":false,"template":"","format":"standard","meta":{"footnotes":""},"categories":[87],"tags":[100],"class_list":["post-1458","post","type-post","status-publish","format-standard","has-post-thumbnail","hentry","category-delta-douane-news","tag-classe-export-magazine-en"],"aioseo_notices":[],"_links":{"self":[{"href":"https:\/\/deltadouane.com\/en\/wp-json\/wp\/v2\/posts\/1458"}],"collection":[{"href":"https:\/\/deltadouane.com\/en\/wp-json\/wp\/v2\/posts"}],"about":[{"href":"https:\/\/deltadouane.com\/en\/wp-json\/wp\/v2\/types\/post"}],"author":[{"embeddable":true,"href":"https:\/\/deltadouane.com\/en\/wp-json\/wp\/v2\/users\/1"}],"replies":[{"embeddable":true,"href":"https:\/\/deltadouane.com\/en\/wp-json\/wp\/v2\/comments?post=1458"}],"version-history":[{"count":2,"href":"https:\/\/deltadouane.com\/en\/wp-json\/wp\/v2\/posts\/1458\/revisions"}],"predecessor-version":[{"id":1754,"href":"https:\/\/deltadouane.com\/en\/wp-json\/wp\/v2\/posts\/1458\/revisions\/1754"}],"wp:featuredmedia":[{"embeddable":true,"href":"https:\/\/deltadouane.com\/en\/wp-json\/wp\/v2\/media\/1563"}],"wp:attachment":[{"href":"https:\/\/deltadouane.com\/en\/wp-json\/wp\/v2\/media?parent=1458"}],"wp:term":[{"taxonomy":"category","embeddable":true,"href":"https:\/\/deltadouane.com\/en\/wp-json\/wp\/v2\/categories?post=1458"},{"taxonomy":"post_tag","embeddable":true,"href":"https:\/\/deltadouane.com\/en\/wp-json\/wp\/v2\/tags?post=1458"}],"curies":[{"name":"wp","href":"https:\/\/api.w.org\/{rel}","templated":true}]}}